{"id":777,"date":"2011-09-20T09:08:41","date_gmt":"2011-09-20T07:08:41","guid":{"rendered":"http:\/\/www.slootervastgoed.com\/apartamento-3-quarto-viana-do-castelo"},"modified":"2016-10-27T16:05:35","modified_gmt":"2016-10-27T14:05:35","slug":"apartamento-3-quarto-viana-do-castelo","status":"publish","type":"post","link":"https:\/\/www.slootervastgoed.com\/pt-pt\/apartamento-3-quarto-viana-do-castelo","title":{"rendered":"Apartamento 3 Quarto &#8211; Viana do Castelo"},"content":{"rendered":"<p>Apartamento boa e espa\u00e7osa 3 no centro de Viana do Castelo.<\/p>\n<p>Layout: sala d\u2019estar, cozinha espa\u00e7osa com sala de jantaradjacente, tr\u00eas quartos e banheiro.<\/p>\n<p>O apartamento tem tamb\u00e9m um jardim e uma varanda na frente. O apartamento possui piso em parquet e estores.<\/p>\n<p>O apartamento est\u00e1 localizado no cora\u00e7\u00e3o de Viana do Castelo e todas as amenidades est\u00e3o a uma curta dist\u00e2ncia, incluindo apraia, no rio Lima.<\/p>\n<p>Viana em v\u00e1rias praias, incluindo Cabedela localizado. Amorosa,Praia Norte e Afife.<\/p>\n<p><strong>Pre\u00e7o: \u20ac 115.000,00<\/strong><\/p>\n<div id='gallery-1' class='gallery galleryid-777 gallery-columns-4 gallery-size-thumbnail'><dl class='gallery-item'>\n\t\t\t<dt class='gallery-icon landscape'>\n\t\t\t\t<a href='https:\/\/www.slootervastgoed.com\/wp-content\/uploads\/2011\/09\/Badkamer1.jpg'><img width=\"150\" height=\"150\" src=\"https:\/\/www.slootervastgoed.com\/wp-content\/uploads\/2011\/09\/Badkamer1-150x150.jpg\" class=\"attachment-thumbnail size-thumbnail\" alt=\"\" decoding=\"async\" loading=\"lazy\" \/><\/a>\n\t\t\t<\/dt><\/dl><dl class='gallery-item'>\n\t\t\t<dt class='gallery-icon portrait'>\n\t\t\t\t<a href='https:\/\/www.slootervastgoed.com\/wp-content\/uploads\/2011\/09\/Gang1.jpg'><img width=\"150\" height=\"150\" src=\"https:\/\/www.slootervastgoed.com\/wp-content\/uploads\/2011\/09\/Gang1-150x150.jpg\" class=\"attachment-thumbnail size-thumbnail\" alt=\"\" decoding=\"async\" loading=\"lazy\" \/><\/a>\n\t\t\t<\/dt><\/dl><dl class='gallery-item'>\n\t\t\t<dt class='gallery-icon portrait'>\n\t\t\t\t<a href='https:\/\/www.slootervastgoed.com\/wp-content\/uploads\/2011\/09\/Gang-21.jpg'><img width=\"150\" height=\"150\" src=\"https:\/\/www.slootervastgoed.com\/wp-content\/uploads\/2011\/09\/Gang-21-150x150.jpg\" class=\"attachment-thumbnail size-thumbnail\" alt=\"\" decoding=\"async\" loading=\"lazy\" \/><\/a>\n\t\t\t<\/dt><\/dl><dl class='gallery-item'>\n\t\t\t<dt class='gallery-icon landscape'>\n\t\t\t\t<a href='https:\/\/www.slootervastgoed.com\/wp-content\/uploads\/2011\/09\/Keuken.jpg'><img width=\"150\" height=\"150\" src=\"https:\/\/www.slootervastgoed.com\/wp-content\/uploads\/2011\/09\/Keuken-150x150.jpg\" class=\"attachment-thumbnail size-thumbnail\" alt=\"\" decoding=\"async\" loading=\"lazy\" \/><\/a>\n\t\t\t<\/dt><\/dl><br style=\"clear: both\" \/><dl class='gallery-item'>\n\t\t\t<dt class='gallery-icon landscape'>\n\t\t\t\t<a href='https:\/\/www.slootervastgoed.com\/wp-content\/uploads\/2011\/09\/Slaapkamer1.jpg'><img width=\"150\" height=\"150\" src=\"https:\/\/www.slootervastgoed.com\/wp-content\/uploads\/2011\/09\/Slaapkamer1-150x150.jpg\" class=\"attachment-thumbnail size-thumbnail\" alt=\"\" decoding=\"async\" loading=\"lazy\" \/><\/a>\n\t\t\t<\/dt><\/dl><dl class='gallery-item'>\n\t\t\t<dt class='gallery-icon landscape'>\n\t\t\t\t<a href='https:\/\/www.slootervastgoed.com\/wp-content\/uploads\/2011\/09\/Slaapkamer-21.jpg'><img width=\"150\" height=\"150\" src=\"https:\/\/www.slootervastgoed.com\/wp-content\/uploads\/2011\/09\/Slaapkamer-21-150x150.jpg\" class=\"attachment-thumbnail size-thumbnail\" alt=\"\" decoding=\"async\" loading=\"lazy\" \/><\/a>\n\t\t\t<\/dt><\/dl><dl class='gallery-item'>\n\t\t\t<dt class='gallery-icon landscape'>\n\t\t\t\t<a href='https:\/\/www.slootervastgoed.com\/wp-content\/uploads\/2011\/09\/Slaapkamer-31.jpg'><img width=\"150\" height=\"150\" src=\"https:\/\/www.slootervastgoed.com\/wp-content\/uploads\/2011\/09\/Slaapkamer-31-150x150.jpg\" class=\"attachment-thumbnail size-thumbnail\" alt=\"\" decoding=\"async\" loading=\"lazy\" \/><\/a>\n\t\t\t<\/dt><\/dl><dl class='gallery-item'>\n\t\t\t<dt class='gallery-icon landscape'>\n\t\t\t\t<a href='https:\/\/www.slootervastgoed.com\/wp-content\/uploads\/2011\/09\/Tuin.jpg'><img width=\"150\" height=\"150\" src=\"https:\/\/www.slootervastgoed.com\/wp-content\/uploads\/2011\/09\/Tuin-150x150.jpg\" class=\"attachment-thumbnail size-thumbnail\" alt=\"\" decoding=\"async\" loading=\"lazy\" \/><\/a>\n\t\t\t<\/dt><\/dl><br style=\"clear: both\" \/><dl class='gallery-item'>\n\t\t\t<dt class='gallery-icon landscape'>\n\t\t\t\t<a href='https:\/\/www.slootervastgoed.com\/wp-content\/uploads\/2011\/09\/Voorzijde.jpg'><img width=\"150\" height=\"150\" src=\"https:\/\/www.slootervastgoed.com\/wp-content\/uploads\/2011\/09\/Voorzijde-150x150.jpg\" class=\"attachment-thumbnail size-thumbnail\" alt=\"\" decoding=\"async\" loading=\"lazy\" \/><\/a>\n\t\t\t<\/dt><\/dl><dl class='gallery-item'>\n\t\t\t<dt class='gallery-icon landscape'>\n\t\t\t\t<a href='https:\/\/www.slootervastgoed.com\/wp-content\/uploads\/2011\/09\/Voorzijde-21.jpg'><img width=\"150\" height=\"150\" src=\"https:\/\/www.slootervastgoed.com\/wp-content\/uploads\/2011\/09\/Voorzijde-21-150x150.jpg\" class=\"attachment-thumbnail size-thumbnail\" alt=\"\" decoding=\"async\" loading=\"lazy\" \/><\/a>\n\t\t\t<\/dt><\/dl><dl class='gallery-item'>\n\t\t\t<dt class='gallery-icon landscape'>\n\t\t\t\t<a href='https:\/\/www.slootervastgoed.com\/wp-content\/uploads\/2011\/09\/woonkamer-2.jpg'><img width=\"150\" height=\"150\" src=\"https:\/\/www.slootervastgoed.com\/wp-content\/uploads\/2011\/09\/woonkamer-2-150x150.jpg\" class=\"attachment-thumbnail size-thumbnail\" alt=\"\" decoding=\"async\" loading=\"lazy\" \/><\/a>\n\t\t\t<\/dt><\/dl><dl class='gallery-item'>\n\t\t\t<dt class='gallery-icon landscape'>\n\t\t\t\t<a href='https:\/\/www.slootervastgoed.com\/wp-content\/uploads\/2011\/09\/woonkamer-3.jpg'><img width=\"150\" height=\"150\" src=\"https:\/\/www.slootervastgoed.com\/wp-content\/uploads\/2011\/09\/woonkamer-3-150x150.jpg\" class=\"attachment-thumbnail size-thumbnail\" alt=\"\" decoding=\"async\" loading=\"lazy\" \/><\/a>\n\t\t\t<\/dt><\/dl><br style=\"clear: both\" \/>\n\t\t<\/div>\n\n","protected":false},"excerpt":{"rendered":"<p>Apartamento boa e espa\u00e7osa 3 no centro de Viana do Castelo. Layout: sala d\u2019estar, cozinha espa\u00e7osa com sala de jantaradjacente, tr\u00eas quartos e banheiro. O apartamento tem tamb\u00e9m um jardim <a href=\"https:\/\/www.slootervastgoed.com\/pt-pt\/apartamento-3-quarto-viana-do-castelo\">Continue reading <span class=\"meta-nav\">&rarr;<\/span><\/a><\/p>\n","protected":false},"author":3,"featured_media":908,"comment_status":"closed","ping_status":"closed","sticky":false,"template":"","format":"standard","meta":[],"categories":[25,19],"tags":[],"yoast_head":"<!-- This site is optimized with the Yoast SEO plugin v19.10 - https:\/\/yoast.com\/wordpress\/plugins\/seo\/ -->\n<title>Slooter Vastgoed Lda - Te koop: Appartement met 3 slaapkamers \u2013 Viana do Castelo<\/title>\n<meta name=\"description\" content=\"Goed en ruim appartement met 3 slaapkamers midden in het centrum van Viana do Castelo. Indeling: Woonkamer, ruime keuken met aansluitend een eetkamer, 3 slaapkamers en ruime badkamer. Het appartement heeft tevens een tuintje en een balkon aan de voorzijde. Het appartement is voorzien van rolluiken en parketvloeren.\" \/>\n<meta name=\"robots\" content=\"index, follow, max-snippet:-1, max-image-preview:large, max-video-preview:-1\" \/>\n<link rel=\"canonical\" href=\"https:\/\/www.slootervastgoed.com\/pt-pt\/apartamento-3-quarto-viana-do-castelo\" \/>\n<meta property=\"og:locale\" content=\"pt_PT\" \/>\n<meta property=\"og:type\" content=\"article\" \/>\n<meta property=\"og:title\" content=\"Slooter Vastgoed Lda - Te koop: Appartement met 3 slaapkamers \u2013 Viana do Castelo\" \/>\n<meta property=\"og:description\" content=\"Goed en ruim appartement met 3 slaapkamers midden in het centrum van Viana do Castelo. Indeling: Woonkamer, ruime keuken met aansluitend een eetkamer, 3 slaapkamers en ruime badkamer. Het appartement heeft tevens een tuintje en een balkon aan de voorzijde. Het appartement is voorzien van rolluiken en parketvloeren.\" \/>\n<meta property=\"og:url\" content=\"https:\/\/www.slootervastgoed.com\/pt-pt\/apartamento-3-quarto-viana-do-castelo\" \/>\n<meta property=\"og:site_name\" content=\"Slooter Vastgoed Lda\" \/>\n<meta property=\"article:author\" content=\"https:\/\/www.facebook.com\/Slooter-Vastgoed-lda-453591781786069\/?modal=admin_todo_tour\" \/>\n<meta property=\"article:published_time\" content=\"2011-09-20T07:08:41+00:00\" \/>\n<meta property=\"article:modified_time\" content=\"2016-10-27T14:05:35+00:00\" \/>\n<meta property=\"og:image\" content=\"https:\/\/www.slootervastgoed.com\/wp-content\/uploads\/2011\/09\/Voorzijde.jpg\" \/>\n\t<meta property=\"og:image:width\" content=\"640\" \/>\n\t<meta property=\"og:image:height\" content=\"480\" \/>\n\t<meta property=\"og:image:type\" content=\"image\/jpeg\" \/>\n<meta name=\"author\" content=\"Sandra\" \/>\n<meta name=\"twitter:label1\" content=\"Escrito por\" \/>\n\t<meta name=\"twitter:data1\" content=\"Sandra\" \/>\n<script type=\"application\/ld+json\" class=\"yoast-schema-graph\">{\"@context\":\"https:\/\/schema.org\",\"@graph\":[{\"@type\":\"WebPage\",\"@id\":\"https:\/\/www.slootervastgoed.com\/pt-pt\/apartamento-3-quarto-viana-do-castelo\",\"url\":\"https:\/\/www.slootervastgoed.com\/pt-pt\/apartamento-3-quarto-viana-do-castelo\",\"name\":\"Slooter Vastgoed Lda - Te koop: Appartement met 3 slaapkamers \u2013 Viana do Castelo\",\"isPartOf\":{\"@id\":\"https:\/\/www.slootervastgoed.com\/#website\"},\"datePublished\":\"2011-09-20T07:08:41+00:00\",\"dateModified\":\"2016-10-27T14:05:35+00:00\",\"author\":{\"@id\":\"https:\/\/www.slootervastgoed.com\/#\/schema\/person\/60b72953c29bc42058d93d06146eec6c\"},\"description\":\"Goed en ruim appartement met 3 slaapkamers midden in het centrum van Viana do Castelo. Indeling: Woonkamer, ruime keuken met aansluitend een eetkamer, 3 slaapkamers en ruime badkamer. Het appartement heeft tevens een tuintje en een balkon aan de voorzijde. Het appartement is voorzien van rolluiken en parketvloeren.\",\"breadcrumb\":{\"@id\":\"https:\/\/www.slootervastgoed.com\/pt-pt\/apartamento-3-quarto-viana-do-castelo#breadcrumb\"},\"inLanguage\":\"pt-PT\",\"potentialAction\":[{\"@type\":\"ReadAction\",\"target\":[\"https:\/\/www.slootervastgoed.com\/pt-pt\/apartamento-3-quarto-viana-do-castelo\"]}]},{\"@type\":\"BreadcrumbList\",\"@id\":\"https:\/\/www.slootervastgoed.com\/pt-pt\/apartamento-3-quarto-viana-do-castelo#breadcrumb\",\"itemListElement\":[{\"@type\":\"ListItem\",\"position\":1,\"name\":\"Home\",\"item\":\"https:\/\/www.slootervastgoed.com\/pt-pt\"},{\"@type\":\"ListItem\",\"position\":2,\"name\":\"Apartamento 3 Quarto &#8211; Viana do Castelo\"}]},{\"@type\":\"WebSite\",\"@id\":\"https:\/\/www.slootervastgoed.com\/#website\",\"url\":\"https:\/\/www.slootervastgoed.com\/\",\"name\":\"Slooter Vastgoed Lda\",\"description\":\"\",\"potentialAction\":[{\"@type\":\"SearchAction\",\"target\":{\"@type\":\"EntryPoint\",\"urlTemplate\":\"https:\/\/www.slootervastgoed.com\/?s={search_term_string}\"},\"query-input\":\"required name=search_term_string\"}],\"inLanguage\":\"pt-PT\"},{\"@type\":\"Person\",\"@id\":\"https:\/\/www.slootervastgoed.com\/#\/schema\/person\/60b72953c29bc42058d93d06146eec6c\",\"name\":\"Sandra\",\"image\":{\"@type\":\"ImageObject\",\"inLanguage\":\"pt-PT\",\"@id\":\"https:\/\/www.slootervastgoed.com\/#\/schema\/person\/image\/\",\"url\":\"https:\/\/secure.gravatar.com\/avatar\/86b828f77b32cab2cbeebf76ffad40a4?s=96&d=mm&r=g\",\"contentUrl\":\"https:\/\/secure.gravatar.com\/avatar\/86b828f77b32cab2cbeebf76ffad40a4?s=96&d=mm&r=g\",\"caption\":\"Sandra\"},\"sameAs\":[\"https:\/\/www.facebook.com\/Slooter-Vastgoed-lda-453591781786069\/?modal=admin_todo_tour\"],\"url\":\"https:\/\/www.slootervastgoed.com\/pt-pt\/author\/sandra\"}]}<\/script>\n<!-- \/ Yoast SEO plugin. -->","yoast_head_json":{"title":"Slooter Vastgoed Lda - Te koop: Appartement met 3 slaapkamers \u2013 Viana do Castelo","description":"Goed en ruim appartement met 3 slaapkamers midden in het centrum van Viana do Castelo. Indeling: Woonkamer, ruime keuken met aansluitend een eetkamer, 3 slaapkamers en ruime badkamer. Het appartement heeft tevens een tuintje en een balkon aan de voorzijde. Het appartement is voorzien van rolluiken en parketvloeren.","robots":{"index":"index","follow":"follow","max-snippet":"max-snippet:-1","max-image-preview":"max-image-preview:large","max-video-preview":"max-video-preview:-1"},"canonical":"https:\/\/www.slootervastgoed.com\/pt-pt\/apartamento-3-quarto-viana-do-castelo","og_locale":"pt_PT","og_type":"article","og_title":"Slooter Vastgoed Lda - Te koop: Appartement met 3 slaapkamers \u2013 Viana do Castelo","og_description":"Goed en ruim appartement met 3 slaapkamers midden in het centrum van Viana do Castelo. Indeling: Woonkamer, ruime keuken met aansluitend een eetkamer, 3 slaapkamers en ruime badkamer. Het appartement heeft tevens een tuintje en een balkon aan de voorzijde. Het appartement is voorzien van rolluiken en parketvloeren.","og_url":"https:\/\/www.slootervastgoed.com\/pt-pt\/apartamento-3-quarto-viana-do-castelo","og_site_name":"Slooter Vastgoed Lda","article_author":"https:\/\/www.facebook.com\/Slooter-Vastgoed-lda-453591781786069\/?modal=admin_todo_tour","article_published_time":"2011-09-20T07:08:41+00:00","article_modified_time":"2016-10-27T14:05:35+00:00","og_image":[{"width":"640","height":"480","url":"https:\/\/www.slootervastgoed.com\/wp-content\/uploads\/2011\/09\/Voorzijde.jpg","type":"image\/jpeg"}],"author":"Sandra","twitter_misc":{"Escrito por":"Sandra"},"schema":{"@context":"https:\/\/schema.org","@graph":[{"@type":"WebPage","@id":"https:\/\/www.slootervastgoed.com\/pt-pt\/apartamento-3-quarto-viana-do-castelo","url":"https:\/\/www.slootervastgoed.com\/pt-pt\/apartamento-3-quarto-viana-do-castelo","name":"Slooter Vastgoed Lda - Te koop: Appartement met 3 slaapkamers \u2013 Viana do Castelo","isPartOf":{"@id":"https:\/\/www.slootervastgoed.com\/#website"},"datePublished":"2011-09-20T07:08:41+00:00","dateModified":"2016-10-27T14:05:35+00:00","author":{"@id":"https:\/\/www.slootervastgoed.com\/#\/schema\/person\/60b72953c29bc42058d93d06146eec6c"},"description":"Goed en ruim appartement met 3 slaapkamers midden in het centrum van Viana do Castelo. Indeling: Woonkamer, ruime keuken met aansluitend een eetkamer, 3 slaapkamers en ruime badkamer. Het appartement heeft tevens een tuintje en een balkon aan de voorzijde. Het appartement is voorzien van rolluiken en parketvloeren.","breadcrumb":{"@id":"https:\/\/www.slootervastgoed.com\/pt-pt\/apartamento-3-quarto-viana-do-castelo#breadcrumb"},"inLanguage":"pt-PT","potentialAction":[{"@type":"ReadAction","target":["https:\/\/www.slootervastgoed.com\/pt-pt\/apartamento-3-quarto-viana-do-castelo"]}]},{"@type":"BreadcrumbList","@id":"https:\/\/www.slootervastgoed.com\/pt-pt\/apartamento-3-quarto-viana-do-castelo#breadcrumb","itemListElement":[{"@type":"ListItem","position":1,"name":"Home","item":"https:\/\/www.slootervastgoed.com\/pt-pt"},{"@type":"ListItem","position":2,"name":"Apartamento 3 Quarto &#8211; Viana do Castelo"}]},{"@type":"WebSite","@id":"https:\/\/www.slootervastgoed.com\/#website","url":"https:\/\/www.slootervastgoed.com\/","name":"Slooter Vastgoed Lda","description":"","potentialAction":[{"@type":"SearchAction","target":{"@type":"EntryPoint","urlTemplate":"https:\/\/www.slootervastgoed.com\/?s={search_term_string}"},"query-input":"required name=search_term_string"}],"inLanguage":"pt-PT"},{"@type":"Person","@id":"https:\/\/www.slootervastgoed.com\/#\/schema\/person\/60b72953c29bc42058d93d06146eec6c","name":"Sandra","image":{"@type":"ImageObject","inLanguage":"pt-PT","@id":"https:\/\/www.slootervastgoed.com\/#\/schema\/person\/image\/","url":"https:\/\/secure.gravatar.com\/avatar\/86b828f77b32cab2cbeebf76ffad40a4?s=96&d=mm&r=g","contentUrl":"https:\/\/secure.gravatar.com\/avatar\/86b828f77b32cab2cbeebf76ffad40a4?s=96&d=mm&r=g","caption":"Sandra"},"sameAs":["https:\/\/www.facebook.com\/Slooter-Vastgoed-lda-453591781786069\/?modal=admin_todo_tour"],"url":"https:\/\/www.slootervastgoed.com\/pt-pt\/author\/sandra"}]}},"_links":{"self":[{"href":"https:\/\/www.slootervastgoed.com\/pt-pt\/wp-json\/wp\/v2\/posts\/777"}],"collection":[{"href":"https:\/\/www.slootervastgoed.com\/pt-pt\/wp-json\/wp\/v2\/posts"}],"about":[{"href":"https:\/\/www.slootervastgoed.com\/pt-pt\/wp-json\/wp\/v2\/types\/post"}],"author":[{"embeddable":true,"href":"https:\/\/www.slootervastgoed.com\/pt-pt\/wp-json\/wp\/v2\/users\/3"}],"replies":[{"embeddable":true,"href":"https:\/\/www.slootervastgoed.com\/pt-pt\/wp-json\/wp\/v2\/comments?post=777"}],"version-history":[{"count":1,"href":"https:\/\/www.slootervastgoed.com\/pt-pt\/wp-json\/wp\/v2\/posts\/777\/revisions"}],"predecessor-version":[{"id":844,"href":"https:\/\/www.slootervastgoed.com\/pt-pt\/wp-json\/wp\/v2\/posts\/777\/revisions\/844"}],"wp:featuredmedia":[{"embeddable":true,"href":"https:\/\/www.slootervastgoed.com\/pt-pt\/wp-json\/wp\/v2\/media\/908"}],"wp:attachment":[{"href":"https:\/\/www.slootervastgoed.com\/pt-pt\/wp-json\/wp\/v2\/media?parent=777"}],"wp:term":[{"taxonomy":"category","embeddable":true,"href":"https:\/\/www.slootervastgoed.com\/pt-pt\/wp-json\/wp\/v2\/categories?post=777"},{"taxonomy":"post_tag","embeddable":true,"href":"https:\/\/www.slootervastgoed.com\/pt-pt\/wp-json\/wp\/v2\/tags?post=777"}],"curies":[{"name":"wp","href":"https:\/\/api.w.org\/{rel}","templated":true}]}}